{"id":1007,"date":"2017-04-03T08:30:03","date_gmt":"2017-04-03T06:30:03","guid":{"rendered":"https:\/\/www.nizatour.es\/?p=1007"},"modified":"2023-07-20T16:54:26","modified_gmt":"2023-07-20T14:54:26","slug":"processo-verges-i-la-dansa-la-mort","status":"publish","type":"post","link":"https:\/\/www.nizatour.es\/ca\/processo-verges-i-la-dansa-la-mort\/","title":{"rendered":"Process\u00f3 i Dansa de la Mort a Verges\u00a0"},"content":{"rendered":"<p>Tenim molt a la vora la Setmana Santa i la gran majoria de persones relaciona aquest terme amb el sud d&#8217;Espanya i en concret amb Andalusia. Sense anar-nos m\u00e9s lluny, a escassos 30 minuts de Girona i a 1 hora i mitja de la ciutat comtal, ens trobem amb Verges.<\/p>\n<p>La Process\u00f3 de Verges \u00e9s una representaci\u00f3 teatral que es realitza des de 1666. Aquesta s&#8217;escenifica \u00fanicament la nit de Dijous Sant. Comen\u00e7a a les 5 de la tarda amb una desfilada de les Menanges (romans) que fan un recorregut pels carrers del poble, sortint i acabant a l&#8217;ajuntament. Al llarg del recorregut es representen episodis com la trobada de Jes\u00fas amb Maria, la Ver\u00f2nica i les filles de Jerusalem i la trobada amb el&nbsp;Cirineu, entre altres.<\/p>\n<p>Cal accentuar que en aquesta process\u00f3 destaca una veritable joia \u00fanica de la cultura popular: la Dansa de la Mort. En aquesta dansa, cinc esquelets salten al so d&#8217;un tambor, situats en forma de creu i amb un grup de quatre personatges m\u00e9s, els quals, amb torxes, il\u00b7luminen el quadre i aporten l&#8217;aire&nbsp;t\u00e8tric&nbsp;que d\u00f3na sentit. Tamb\u00e9 \u00e9s destacable el pas pel carrer dels Caragols per la particularitat de la seva ambientaci\u00f3.<\/p>\n<p>El p\u00fablic, situat al llarg dels carrers, veu passar la Process\u00f3 il\u00b7luminada nom\u00e9s per torxes enceses i per caragols farcits d&#8217;oli i amb una metxa dins que s&#8217;encenen al pas de la process\u00f3.<\/p>\n<p>Si vols gaudir d&#8217;aquesta tradici\u00f3 sense haver de viatjar molts&nbsp;quil\u00f2metres,&nbsp;<strong><a href=\"https:\/\/www.nizatour.es\/ca\/qui-som\/\">Nizatour<\/a><\/strong>&nbsp;et porta. Disposem d&#8217;una <strong><a href=\"https:\/\/www.nizatour.es\/ca\/vehicles-flota\/\">\u00e0mplia flota<\/a><\/strong> per a tot tipus de grups. A m\u00e9s, podeu provar els nostres nous autocars que hem afegit en l&#8217;\u00faltim mes.<\/p>\n<p>Jos\u00e9 Saiz<br \/>\nNizatour<br \/>\nMolins de Rei, 3 d\u2019abril&nbsp;de 2017<\/p>\n","protected":false},"excerpt":{"rendered":"<p>Tenim molt a la vora la Setmana Santa i la gran majoria de persones relaciona aquest terme amb el sud d&#8217;Espanya i en concret amb Andalusia. Sense anar-nos m\u00e9s lluny, a escassos 30 minuts de Girona i a 1 hora i mitja de la ciutat comtal, ens trobem amb Verges. La Process\u00f3 de Verges \u00e9s [&hellip;]<\/p>\n","protected":false},"author":3,"featured_media":1015,"comment_status":"open","ping_status":"open","sticky":false,"template":"","format":"standard","meta":{"_acf_changed":false,"footnotes":""},"categories":[29],"tags":[],"class_list":["post-1007","post","type-post","status-publish","format-standard","has-post-thumbnail","hentry","category-noticies"],"acf":[],"_links":{"self":[{"href":"https:\/\/www.nizatour.es\/ca\/wp-json\/wp\/v2\/posts\/1007","targetHints":{"allow":["GET"]}}],"collection":[{"href":"https:\/\/www.nizatour.es\/ca\/wp-json\/wp\/v2\/posts"}],"about":[{"href":"https:\/\/www.nizatour.es\/ca\/wp-json\/wp\/v2\/types\/post"}],"author":[{"embeddable":true,"href":"https:\/\/www.nizatour.es\/ca\/wp-json\/wp\/v2\/users\/3"}],"replies":[{"embeddable":true,"href":"https:\/\/www.nizatour.es\/ca\/wp-json\/wp\/v2\/comments?post=1007"}],"version-history":[{"count":1,"href":"https:\/\/www.nizatour.es\/ca\/wp-json\/wp\/v2\/posts\/1007\/revisions"}],"predecessor-version":[{"id":2704,"href":"https:\/\/www.nizatour.es\/ca\/wp-json\/wp\/v2\/posts\/1007\/revisions\/2704"}],"wp:featuredmedia":[{"embeddable":true,"href":"https:\/\/www.nizatour.es\/ca\/wp-json\/wp\/v2\/media\/1015"}],"wp:attachment":[{"href":"https:\/\/www.nizatour.es\/ca\/wp-json\/wp\/v2\/media?parent=1007"}],"wp:term":[{"taxonomy":"category","embeddable":true,"href":"https:\/\/www.nizatour.es\/ca\/wp-json\/wp\/v2\/categories?post=1007"},{"taxonomy":"post_tag","embeddable":true,"href":"https:\/\/www.nizatour.es\/ca\/wp-json\/wp\/v2\/tags?post=1007"}],"curies":[{"name":"wp","href":"https:\/\/api.w.org\/{rel}","templated":true}]}}