{"id":2629,"date":"2015-03-16T22:26:44","date_gmt":"2015-03-16T21:26:44","guid":{"rendered":"https:\/\/www.nizatour.es\/?p=617"},"modified":"2023-07-20T16:54:20","modified_gmt":"2023-07-20T14:54:20","slug":"la-setmana-santa","status":"publish","type":"post","link":"https:\/\/www.nizatour.es\/ca\/la-setmana-santa\/","title":{"rendered":"La Setmana Santa"},"content":{"rendered":"<p>Arriba la Setmana Santa i a&nbsp;<a href=\"https:\/\/www.nizatour.es\/ca\/qui-som\/\" target=\"_blank\" rel=\"noopener\"><strong><span style=\"text-decoration: underline;\">Nizatour<\/span><\/strong> <\/a>ens deixem seduir per una de les festivitats m\u00e9s aut\u00e8ntiques, emotives i amb m\u00e9s segles d&#8217;hist\u00f2ria que se celebren a Espanya. \u00c9s gratificant deixar-se portar pels propis sentits i respirar l&#8217;aroma que banya l&#8217;ambient, emocionar-se amb el cant i art dels carrers o gaudir el silenci d&#8217;una multitud respectuosa &#8230;<\/p>\n<p>Al llarg d&#8217;aquesta setmana, s&#8217;observa la diversitat de la celebraci\u00f3 que a cada zona i rac\u00f3 del nostre pa\u00eds t\u00e9 les seves pr\u00f2pies caracter\u00edstiques. Aquesta festivitat, a m\u00e9s d&#8217;estar arrelada en l&#8217;imaginari popular des de fa segles, tamb\u00e9 est\u00e0 molt vinculada amb l&#8217;art. Tot aquest conjunt fa que brolli la m\u00e0gia i provoqui un sentiment de privilegi en tot aquell que ho pres\u00e8ncia.<\/p>\n<p>Vibra amb els clarins que acompanyen els passos processionals pels carrers de <strong>Conca<\/strong>, gaudir del colorit i l&#8217;alegria de les milers de fulls de palmeres que s&#8217;agiten en la desfilada d&#8217;<strong>Elx<\/strong>, o participar en les multitudin\u00e0ries processons andaluses, molt especialment les que se celebren a <strong>M\u00e0laga<\/strong> i, sobretot, <strong>Sevilla<\/strong>, una ciutat que viu de forma molt especial aquests dies de fervor religi\u00f3s. Aquestes s\u00f3n nom\u00e9s algunes mostres de lliurament i passi\u00f3 que es viu a tota la pen\u00ednsula, sens dubte una experi\u00e8ncia \u00edntima i emocionant que volem compartir amb tots vosaltres.<\/p>\n<p>Acompanyi&#8217;ns a visitar el nostre pa\u00eds per Setmana Santa i descobreixi aquestes tradicions \u00faniques i tan pr\u00f2pies, mostres d&#8217;una riquesa cultural extraordin\u00e0ria, que deixar\u00e0 per sempre un record inoblidable.<\/p>\n<p>Disposem de tot tipus d&#8217;<a href=\"https:\/\/www.nizatour.es\/ca\/vehicles-flota\/\" target=\"_blank\" rel=\"noopener\"><strong><span style=\"text-decoration: underline;\">autocars equipats<\/span><\/strong><\/a>&nbsp;per a l&#8217;ocasi\u00f3. Pot contactar amb nosaltres omplint el present <a href=\"https:\/\/www.nizatour.es\/es\/solicitar-presupuesto\/\" target=\"_blank\" rel=\"noopener\"><strong><span style=\"text-decoration: underline;\">q\u00fcestionari <\/span><\/strong><\/a>i ens posarem en contacte amb vost\u00e8. O b\u00e9 truqueu-nos al tel\u00e8fon <strong><span style=\"text-decoration: underline;\">934741790<\/span><\/strong> si prefereix parlar amb nosaltres personalment.<\/p>\n<p>&nbsp;<\/p>\n<p>&nbsp;<\/p>\n<p>Jos\u00e9 S\u00e1iz<\/p>\n<p>Nizatour<\/p>\n<p>Pallej\u00e0, 16 mar\u00e7 2015<\/p>\n","protected":false},"excerpt":{"rendered":"<p>Arriba la Setmana Santa i a&nbsp;Nizatour ens deixem seduir per una de les festivitats m\u00e9s aut\u00e8ntiques, emotives i amb m\u00e9s segles d&#8217;hist\u00f2ria que se celebren a Espanya. \u00c9s gratificant deixar-se portar pels propis sentits i respirar l&#8217;aroma que banya l&#8217;ambient, emocionar-se amb el cant i art dels carrers o gaudir el silenci d&#8217;una multitud respectuosa [&hellip;]<\/p>\n","protected":false},"author":3,"featured_media":615,"comment_status":"open","ping_status":"open","sticky":false,"template":"","format":"standard","meta":{"_acf_changed":false,"footnotes":""},"categories":[29],"tags":[],"class_list":["post-2629","post","type-post","status-publish","format-standard","has-post-thumbnail","hentry","category-noticies"],"acf":[],"_links":{"self":[{"href":"https:\/\/www.nizatour.es\/ca\/wp-json\/wp\/v2\/posts\/2629","targetHints":{"allow":["GET"]}}],"collection":[{"href":"https:\/\/www.nizatour.es\/ca\/wp-json\/wp\/v2\/posts"}],"about":[{"href":"https:\/\/www.nizatour.es\/ca\/wp-json\/wp\/v2\/types\/post"}],"author":[{"embeddable":true,"href":"https:\/\/www.nizatour.es\/ca\/wp-json\/wp\/v2\/users\/3"}],"replies":[{"embeddable":true,"href":"https:\/\/www.nizatour.es\/ca\/wp-json\/wp\/v2\/comments?post=2629"}],"version-history":[{"count":1,"href":"https:\/\/www.nizatour.es\/ca\/wp-json\/wp\/v2\/posts\/2629\/revisions"}],"predecessor-version":[{"id":2724,"href":"https:\/\/www.nizatour.es\/ca\/wp-json\/wp\/v2\/posts\/2629\/revisions\/2724"}],"wp:featuredmedia":[{"embeddable":true,"href":"https:\/\/www.nizatour.es\/ca\/wp-json\/"}],"wp:attachment":[{"href":"https:\/\/www.nizatour.es\/ca\/wp-json\/wp\/v2\/media?parent=2629"}],"wp:term":[{"taxonomy":"category","embeddable":true,"href":"https:\/\/www.nizatour.es\/ca\/wp-json\/wp\/v2\/categories?post=2629"},{"taxonomy":"post_tag","embeddable":true,"href":"https:\/\/www.nizatour.es\/ca\/wp-json\/wp\/v2\/tags?post=2629"}],"curies":[{"name":"wp","href":"https:\/\/api.w.org\/{rel}","templated":true}]}}