{"id":2644,"date":"2016-06-30T18:10:32","date_gmt":"2016-06-30T17:10:32","guid":{"rendered":"https:\/\/www.nizatour.es\/?p=825"},"modified":"2023-07-20T16:55:13","modified_gmt":"2023-07-20T14:55:13","slug":"la-bassa-parc-recreatiu-sabadell","status":"publish","type":"post","link":"https:\/\/www.nizatour.es\/ca\/la-bassa-parc-recreatiu-sabadell\/","title":{"rendered":"\u201cLa Bassa\u201d, el parc recreatiu de Sabadell."},"content":{"rendered":"<p style=\"text-align: justify;\">S&#8217;apropen les vacances d&#8217;estiu dels nostres fills i alumnes i amb aix\u00f2 els dies de Casals en els col\u00b7legis o guarderies. S\u00f3n dies de diversi\u00f3 i aprenentatge i en Nizatour seguim presents i acompanyem als m\u00e9s petits de la casa a gaudir de les sortides m\u00e9s apassionants de l&#8217;estiu.<\/p>\n<p style=\"text-align: justify;\">Des de <a href=\"https:\/\/www.nizatour.es\/es\/quienes-somos\/\">Nizatour<\/a>&nbsp;no solament ens encarreguem de portar-vos a tot tipus d&#8217;excursions i llocs, sin\u00f3 que a m\u00e9s proposem anar on sabem que l&#8217;aventura est\u00e0 assegurada. Per a aquest estiu recomanem \u201c<a href=\"http:\/\/ca.sabadell.cat\/programesesportius\/p\/bassa_cat.asp\" target=\"_blank\" rel=\"noopener\">La Bassa\u201d, el parc recreatiu de Sabadell<\/a>. Els vostres fills podran gaudir amb els seus companys i amics de la piscina recreativa, amb la gran zona de gespa, taules de p\u00edcnic, taules de pin-pong, tobogans, circuit aqu\u00e0tic d&#8217;aventures i bar-restaurant. Tot aix\u00f2 en condicions m\u00e0ximes de seguretat.<\/p>\n<p style=\"text-align: justify;\">No dubteu a contactar amb nosaltres i informar-nos de les vostres necessitats. Disposem d&#8217;una <a href=\"https:\/\/www.nizatour.es\/es\/vehiculos-flota\/\">\u00e0mplia flota<\/a>&nbsp;d&#8217;autocars que s&#8217;adapta a tot tipus de grups.<\/p>\n<p style=\"text-align: justify;\">Podeu <a href=\"https:\/\/www.nizatour.es\/es\/solicitar-presupuesto\/\">sol\u00b7licitar pressupost<\/a>&nbsp;o contactar amb nosaltres trucant-nos al 93 474 17 90.<\/p>\n<p style=\"text-align: justify;\">Ens veiem aviat!<\/p>\n<p style=\"text-align: justify;\">Jos\u00e9 Saiz<br \/>\nNizatour<br \/>\nPallej\u00e0, 30 de juny de 2016<\/p>\n","protected":false},"excerpt":{"rendered":"<p>S&#8217;apropen les vacances d&#8217;estiu dels nostres fills i alumnes i amb aix\u00f2 els dies de Casals en els col\u00b7legis o guarderies. S\u00f3n dies de diversi\u00f3 i aprenentatge i en Nizatour seguim presents i acompanyem als m\u00e9s petits de la casa a gaudir de les sortides m\u00e9s apassionants de l&#8217;estiu. Des de Nizatour&nbsp;no solament ens encarreguem [&hellip;]<\/p>\n","protected":false},"author":3,"featured_media":827,"comment_status":"open","ping_status":"open","sticky":false,"template":"","format":"standard","meta":{"_acf_changed":false,"footnotes":""},"categories":[29],"tags":[],"class_list":["post-2644","post","type-post","status-publish","format-standard","has-post-thumbnail","hentry","category-noticies"],"acf":[],"_links":{"self":[{"href":"https:\/\/www.nizatour.es\/ca\/wp-json\/wp\/v2\/posts\/2644","targetHints":{"allow":["GET"]}}],"collection":[{"href":"https:\/\/www.nizatour.es\/ca\/wp-json\/wp\/v2\/posts"}],"about":[{"href":"https:\/\/www.nizatour.es\/ca\/wp-json\/wp\/v2\/types\/post"}],"author":[{"embeddable":true,"href":"https:\/\/www.nizatour.es\/ca\/wp-json\/wp\/v2\/users\/3"}],"replies":[{"embeddable":true,"href":"https:\/\/www.nizatour.es\/ca\/wp-json\/wp\/v2\/comments?post=2644"}],"version-history":[{"count":1,"href":"https:\/\/www.nizatour.es\/ca\/wp-json\/wp\/v2\/posts\/2644\/revisions"}],"predecessor-version":[{"id":2710,"href":"https:\/\/www.nizatour.es\/ca\/wp-json\/wp\/v2\/posts\/2644\/revisions\/2710"}],"wp:featuredmedia":[{"embeddable":true,"href":"https:\/\/www.nizatour.es\/ca\/wp-json\/wp\/v2\/media\/827"}],"wp:attachment":[{"href":"https:\/\/www.nizatour.es\/ca\/wp-json\/wp\/v2\/media?parent=2644"}],"wp:term":[{"taxonomy":"category","embeddable":true,"href":"https:\/\/www.nizatour.es\/ca\/wp-json\/wp\/v2\/categories?post=2644"},{"taxonomy":"post_tag","embeddable":true,"href":"https:\/\/www.nizatour.es\/ca\/wp-json\/wp\/v2\/tags?post=2644"}],"curies":[{"name":"wp","href":"https:\/\/api.w.org\/{rel}","templated":true}]}}